{"id":2194,"date":"2021-12-16T14:22:29","date_gmt":"2021-12-16T13:22:29","guid":{"rendered":"https:\/\/cuistaxfanzine.com\/?p=2194"},"modified":"2024-07-04T09:59:45","modified_gmt":"2024-07-04T07:59:45","slug":"numero-13-tempete-storm","status":"publish","type":"post","link":"https:\/\/cuistaxfanzine.com\/fr\/numero-13-tempete-storm\/","title":{"rendered":"Num\u00e9ro 13 &#8211; Temp\u00eate \/ Storm"},"content":{"rendered":"\n<p>Le vent se l\u00e8ve sur ce nouveau Cuistax aux couleurs bleu du ciel et ocre de la terre. On sort les cerfs-volants, le bout de son nez, son bateau \u00e0 voile, sa lampe-temp\u00eate, son parapluie.<br>De wind raast door deze nieuwe Cuistax in hemelsblauw en aardkleurig oker. We halen onze vliegers, zeilbootjes, stormlampen, paraplu&rsquo;s en goed humer uit de kast.<\/p>\n","protected":false},"excerpt":{"rendered":"<p>Le vent se l\u00e8ve sur ce nouveau Cuistax aux couleurs bleu du ciel et ocre de la terre. On sort les cerfs-volants, le bout de son nez, son bateau \u00e0 voile, sa lampe-temp\u00eate, son parapluie.De wind raast door deze nieuwe Cuistax in hemelsblauw en aardkleurig oker. We halen onze vliegers, zeilbootjes, stormlampen, paraplu&rsquo;s en goed [&hellip;]<\/p>\n","protected":false},"author":2,"featured_media":2195,"comment_status":"closed","ping_status":"closed","sticky":false,"template":"","format":"standard","meta":{"footnotes":""},"categories":[12],"tags":[],"acf":[],"yoast_head":"<!-- This site is optimized with the Yoast SEO plugin v23.0 - https:\/\/yoast.com\/wordpress\/plugins\/seo\/ -->\n<title>Num\u00e9ro 13 - Temp\u00eate \/ Storm &#8212; Cuistax<\/title>\n<meta name=\"robots\" content=\"index, follow, max-snippet:-1, max-image-preview:large, max-video-preview:-1\" \/>\n<link rel=\"canonical\" href=\"https:\/\/cuistaxfanzine.com\/fr\/numero-13-tempete-storm\/\" \/>\n<meta property=\"og:locale\" content=\"fr_FR\" \/>\n<meta property=\"og:type\" content=\"article\" \/>\n<meta property=\"og:title\" content=\"Num\u00e9ro 13 - Temp\u00eate \/ Storm &#8212; Cuistax\" \/>\n<meta property=\"og:description\" content=\"Le vent se l\u00e8ve sur ce nouveau Cuistax aux couleurs bleu du ciel et ocre de la terre. On sort les cerfs-volants, le bout de son nez, son bateau \u00e0 voile, sa lampe-temp\u00eate, son parapluie.De wind raast door deze nieuwe Cuistax in hemelsblauw en aardkleurig oker. We halen onze vliegers, zeilbootjes, stormlampen, paraplu&rsquo;s en goed [&hellip;]\" \/>\n<meta property=\"og:url\" content=\"https:\/\/cuistaxfanzine.com\/fr\/numero-13-tempete-storm\/\" \/>\n<meta property=\"og:site_name\" content=\"Cuistax\" \/>\n<meta property=\"article:published_time\" content=\"2021-12-16T13:22:29+00:00\" \/>\n<meta property=\"article:modified_time\" content=\"2024-07-04T07:59:45+00:00\" \/>\n<meta property=\"og:image\" content=\"https:\/\/cuistaxfanzine.com\/wp-content\/uploads\/2021\/12\/CUISTAX13Couv-e1639745200960.jpg\" \/>\n\t<meta property=\"og:image:width\" content=\"1500\" \/>\n\t<meta property=\"og:image:height\" content=\"1833\" \/>\n\t<meta property=\"og:image:type\" content=\"image\/jpeg\" \/>\n<meta name=\"author\" content=\"chloe.perarnau@gmail.com\" \/>\n<meta name=\"twitter:card\" content=\"summary_large_image\" \/>\n<meta name=\"twitter:label1\" content=\"\u00c9crit par\" \/>\n\t<meta name=\"twitter:data1\" content=\"chloe.perarnau@gmail.com\" \/>\n\t<meta name=\"twitter:label2\" content=\"Dur\u00e9e de lecture estim\u00e9e\" \/>\n\t<meta name=\"twitter:data2\" content=\"1 minute\" \/>\n<script type=\"application\/ld+json\" class=\"yoast-schema-graph\">{\"@context\":\"https:\/\/schema.org\",\"@graph\":[{\"@type\":\"WebPage\",\"@id\":\"https:\/\/cuistaxfanzine.com\/fr\/numero-13-tempete-storm\/\",\"url\":\"https:\/\/cuistaxfanzine.com\/fr\/numero-13-tempete-storm\/\",\"name\":\"Num\u00e9ro 13 - Temp\u00eate \/ Storm &#8212; Cuistax\",\"isPartOf\":{\"@id\":\"https:\/\/cuistaxfanzine.com\/fr\/#website\"},\"primaryImageOfPage\":{\"@id\":\"https:\/\/cuistaxfanzine.com\/fr\/numero-13-tempete-storm\/#primaryimage\"},\"image\":{\"@id\":\"https:\/\/cuistaxfanzine.com\/fr\/numero-13-tempete-storm\/#primaryimage\"},\"thumbnailUrl\":\"https:\/\/cuistaxfanzine.com\/wp-content\/uploads\/2021\/12\/CUISTAX13Couv-e1639745200960.jpg\",\"datePublished\":\"2021-12-16T13:22:29+00:00\",\"dateModified\":\"2024-07-04T07:59:45+00:00\",\"author\":{\"@id\":\"https:\/\/cuistaxfanzine.com\/fr\/#\/schema\/person\/4b5bda3d185bbe6d704151c3e92f7f9e\"},\"breadcrumb\":{\"@id\":\"https:\/\/cuistaxfanzine.com\/fr\/numero-13-tempete-storm\/#breadcrumb\"},\"inLanguage\":\"fr-FR\",\"potentialAction\":[{\"@type\":\"ReadAction\",\"target\":[\"https:\/\/cuistaxfanzine.com\/fr\/numero-13-tempete-storm\/\"]}]},{\"@type\":\"ImageObject\",\"inLanguage\":\"fr-FR\",\"@id\":\"https:\/\/cuistaxfanzine.com\/fr\/numero-13-tempete-storm\/#primaryimage\",\"url\":\"https:\/\/cuistaxfanzine.com\/wp-content\/uploads\/2021\/12\/CUISTAX13Couv-e1639745200960.jpg\",\"contentUrl\":\"https:\/\/cuistaxfanzine.com\/wp-content\/uploads\/2021\/12\/CUISTAX13Couv-e1639745200960.jpg\",\"width\":1500,\"height\":1833},{\"@type\":\"BreadcrumbList\",\"@id\":\"https:\/\/cuistaxfanzine.com\/fr\/numero-13-tempete-storm\/#breadcrumb\",\"itemListElement\":[{\"@type\":\"ListItem\",\"position\":1,\"name\":\"Accueil\",\"item\":\"https:\/\/cuistaxfanzine.com\/fr\/\"},{\"@type\":\"ListItem\",\"position\":2,\"name\":\"Num\u00e9ro 13 &#8211; Temp\u00eate \/ Storm\"}]},{\"@type\":\"WebSite\",\"@id\":\"https:\/\/cuistaxfanzine.com\/fr\/#website\",\"url\":\"https:\/\/cuistaxfanzine.com\/fr\/\",\"name\":\"Cuistax\",\"description\":\"\",\"potentialAction\":[{\"@type\":\"SearchAction\",\"target\":{\"@type\":\"EntryPoint\",\"urlTemplate\":\"https:\/\/cuistaxfanzine.com\/fr\/?s={search_term_string}\"},\"query-input\":\"required name=search_term_string\"}],\"inLanguage\":\"fr-FR\"},{\"@type\":\"Person\",\"@id\":\"https:\/\/cuistaxfanzine.com\/fr\/#\/schema\/person\/4b5bda3d185bbe6d704151c3e92f7f9e\",\"name\":\"chloe.perarnau@gmail.com\",\"image\":{\"@type\":\"ImageObject\",\"inLanguage\":\"fr-FR\",\"@id\":\"https:\/\/cuistaxfanzine.com\/fr\/#\/schema\/person\/image\/\",\"url\":\"https:\/\/secure.gravatar.com\/avatar\/20c2268154f19f685c5fe759b56f1bc4?s=96&d=mm&r=g\",\"contentUrl\":\"https:\/\/secure.gravatar.com\/avatar\/20c2268154f19f685c5fe759b56f1bc4?s=96&d=mm&r=g\",\"caption\":\"chloe.perarnau@gmail.com\"},\"url\":\"https:\/\/cuistaxfanzine.com\/fr\/author\/chloe-perarnaugmail-com\/\"}]}<\/script>\n<!-- \/ Yoast SEO plugin. -->","yoast_head_json":{"title":"Num\u00e9ro 13 - Temp\u00eate \/ Storm &#8212; Cuistax","robots":{"index":"index","follow":"follow","max-snippet":"max-snippet:-1","max-image-preview":"max-image-preview:large","max-video-preview":"max-video-preview:-1"},"canonical":"https:\/\/cuistaxfanzine.com\/fr\/numero-13-tempete-storm\/","og_locale":"fr_FR","og_type":"article","og_title":"Num\u00e9ro 13 - Temp\u00eate \/ Storm &#8212; Cuistax","og_description":"Le vent se l\u00e8ve sur ce nouveau Cuistax aux couleurs bleu du ciel et ocre de la terre. On sort les cerfs-volants, le bout de son nez, son bateau \u00e0 voile, sa lampe-temp\u00eate, son parapluie.De wind raast door deze nieuwe Cuistax in hemelsblauw en aardkleurig oker. We halen onze vliegers, zeilbootjes, stormlampen, paraplu&rsquo;s en goed [&hellip;]","og_url":"https:\/\/cuistaxfanzine.com\/fr\/numero-13-tempete-storm\/","og_site_name":"Cuistax","article_published_time":"2021-12-16T13:22:29+00:00","article_modified_time":"2024-07-04T07:59:45+00:00","og_image":[{"width":1500,"height":1833,"url":"https:\/\/cuistaxfanzine.com\/wp-content\/uploads\/2021\/12\/CUISTAX13Couv-e1639745200960.jpg","type":"image\/jpeg"}],"author":"chloe.perarnau@gmail.com","twitter_card":"summary_large_image","twitter_misc":{"\u00c9crit par":"chloe.perarnau@gmail.com","Dur\u00e9e de lecture estim\u00e9e":"1 minute"},"schema":{"@context":"https:\/\/schema.org","@graph":[{"@type":"WebPage","@id":"https:\/\/cuistaxfanzine.com\/fr\/numero-13-tempete-storm\/","url":"https:\/\/cuistaxfanzine.com\/fr\/numero-13-tempete-storm\/","name":"Num\u00e9ro 13 - Temp\u00eate \/ Storm &#8212; Cuistax","isPartOf":{"@id":"https:\/\/cuistaxfanzine.com\/fr\/#website"},"primaryImageOfPage":{"@id":"https:\/\/cuistaxfanzine.com\/fr\/numero-13-tempete-storm\/#primaryimage"},"image":{"@id":"https:\/\/cuistaxfanzine.com\/fr\/numero-13-tempete-storm\/#primaryimage"},"thumbnailUrl":"https:\/\/cuistaxfanzine.com\/wp-content\/uploads\/2021\/12\/CUISTAX13Couv-e1639745200960.jpg","datePublished":"2021-12-16T13:22:29+00:00","dateModified":"2024-07-04T07:59:45+00:00","author":{"@id":"https:\/\/cuistaxfanzine.com\/fr\/#\/schema\/person\/4b5bda3d185bbe6d704151c3e92f7f9e"},"breadcrumb":{"@id":"https:\/\/cuistaxfanzine.com\/fr\/numero-13-tempete-storm\/#breadcrumb"},"inLanguage":"fr-FR","potentialAction":[{"@type":"ReadAction","target":["https:\/\/cuistaxfanzine.com\/fr\/numero-13-tempete-storm\/"]}]},{"@type":"ImageObject","inLanguage":"fr-FR","@id":"https:\/\/cuistaxfanzine.com\/fr\/numero-13-tempete-storm\/#primaryimage","url":"https:\/\/cuistaxfanzine.com\/wp-content\/uploads\/2021\/12\/CUISTAX13Couv-e1639745200960.jpg","contentUrl":"https:\/\/cuistaxfanzine.com\/wp-content\/uploads\/2021\/12\/CUISTAX13Couv-e1639745200960.jpg","width":1500,"height":1833},{"@type":"BreadcrumbList","@id":"https:\/\/cuistaxfanzine.com\/fr\/numero-13-tempete-storm\/#breadcrumb","itemListElement":[{"@type":"ListItem","position":1,"name":"Accueil","item":"https:\/\/cuistaxfanzine.com\/fr\/"},{"@type":"ListItem","position":2,"name":"Num\u00e9ro 13 &#8211; Temp\u00eate \/ Storm"}]},{"@type":"WebSite","@id":"https:\/\/cuistaxfanzine.com\/fr\/#website","url":"https:\/\/cuistaxfanzine.com\/fr\/","name":"Cuistax","description":"","potentialAction":[{"@type":"SearchAction","target":{"@type":"EntryPoint","urlTemplate":"https:\/\/cuistaxfanzine.com\/fr\/?s={search_term_string}"},"query-input":"required name=search_term_string"}],"inLanguage":"fr-FR"},{"@type":"Person","@id":"https:\/\/cuistaxfanzine.com\/fr\/#\/schema\/person\/4b5bda3d185bbe6d704151c3e92f7f9e","name":"chloe.perarnau@gmail.com","image":{"@type":"ImageObject","inLanguage":"fr-FR","@id":"https:\/\/cuistaxfanzine.com\/fr\/#\/schema\/person\/image\/","url":"https:\/\/secure.gravatar.com\/avatar\/20c2268154f19f685c5fe759b56f1bc4?s=96&d=mm&r=g","contentUrl":"https:\/\/secure.gravatar.com\/avatar\/20c2268154f19f685c5fe759b56f1bc4?s=96&d=mm&r=g","caption":"chloe.perarnau@gmail.com"},"url":"https:\/\/cuistaxfanzine.com\/fr\/author\/chloe-perarnaugmail-com\/"}]}},"_links":{"self":[{"href":"https:\/\/cuistaxfanzine.com\/fr\/wp-json\/wp\/v2\/posts\/2194"}],"collection":[{"href":"https:\/\/cuistaxfanzine.com\/fr\/wp-json\/wp\/v2\/posts"}],"about":[{"href":"https:\/\/cuistaxfanzine.com\/fr\/wp-json\/wp\/v2\/types\/post"}],"author":[{"embeddable":true,"href":"https:\/\/cuistaxfanzine.com\/fr\/wp-json\/wp\/v2\/users\/2"}],"replies":[{"embeddable":true,"href":"https:\/\/cuistaxfanzine.com\/fr\/wp-json\/wp\/v2\/comments?post=2194"}],"version-history":[{"count":2,"href":"https:\/\/cuistaxfanzine.com\/fr\/wp-json\/wp\/v2\/posts\/2194\/revisions"}],"predecessor-version":[{"id":3013,"href":"https:\/\/cuistaxfanzine.com\/fr\/wp-json\/wp\/v2\/posts\/2194\/revisions\/3013"}],"wp:featuredmedia":[{"embeddable":true,"href":"https:\/\/cuistaxfanzine.com\/fr\/wp-json\/wp\/v2\/media\/2195"}],"wp:attachment":[{"href":"https:\/\/cuistaxfanzine.com\/fr\/wp-json\/wp\/v2\/media?parent=2194"}],"wp:term":[{"taxonomy":"category","embeddable":true,"href":"https:\/\/cuistaxfanzine.com\/fr\/wp-json\/wp\/v2\/categories?post=2194"},{"taxonomy":"post_tag","embeddable":true,"href":"https:\/\/cuistaxfanzine.com\/fr\/wp-json\/wp\/v2\/tags?post=2194"}],"curies":[{"name":"wp","href":"https:\/\/api.w.org\/{rel}","templated":true}]}}